{"id":222,"date":"2008-11-10T17:17:19","date_gmt":"2008-11-10T20:17:19","guid":{"rendered":"http:\/\/www.maurom.com\/wp\/?p=222"},"modified":"2012-06-13T15:32:15","modified_gmt":"2012-06-13T18:32:15","slug":"ciclo-de-charlas-unlux-2008-integrando-disciplinas","status":"publish","type":"post","link":"https:\/\/maurom.com\/blog\/2008\/11\/10\/ciclo-de-charlas-unlux-2008-integrando-disciplinas\/","title":{"rendered":"Ciclo de charlas UNLUX 2008: Integrando Disciplinas"},"content":{"rendered":"<p>El <a href=\"http:\/\/www.unlux.com.ar\/\">Grupo de Usuarios de Software Libre de la Universidad Nacional de Luj\u00e1n (UNLUX)<\/a> invita a toda la comunidad educativa, profesionales e interesados en Tecnolog\u00edas de la Informaci\u00f3n al <a href=\"http:\/\/www.unlux.com.ar\/\"><strong>&#8220;Ciclo de charlas UNLUX 2008&#8221;<\/strong><\/a>.<\/p>\n<p>Esta segunda edici\u00f3n tiene por objetivo difundir el software libre integrando las diferentes \u00e1reas de la comunidad y de nuestra Universidad (sectores estudiantiles, docentes y no docentes), y extender el conocimiento acerca de esta nueva tendencia tecnol\u00f3gica presentando sus virtudes desde diferentes puntos de vista.<\/p>\n<p>La jornada estar\u00e1 compuesta por charlas t\u00e9cnicas e informativas, cuyos principios fundamentales son el fomento y la difusi\u00f3n del software libre como herramienta de uso cotidiano, y se llevar\u00e1 a cabo el <strong>s\u00e1bado 22 de noviembre de 2008<\/strong> en la sede central de la Universidad Nacional de Luj\u00e1n.<\/p>\n<p>La apertura de las charlas se realizar\u00e1 a las 10:00 hs. y el cronograma de las mismas se extender\u00e1 hasta las 18:00 hs. aproximadamente, con un receso entre las 13:00 y las 14:00.<\/p>\n<p>Como es usual, el encuentro es <strong>libre, gratuito y abierto a la comunidad.<\/strong> La \u00fanica y humilde condici\u00f3n de acceso es TRAER MATE.<\/p>\n<p>Encontrar\u00e1n m\u00e1s informaci\u00f3n en <a href=\"http:\/\/unlux.com.ar\/index.php?option=com_content&amp;task=view&amp;id=27&amp;Itemid=1\">el sitio web del UNLUX<\/a>.<\/p>\n<p>Esperamos contar con la participaci\u00f3n de todos!!<\/p>\n","protected":false},"excerpt":{"rendered":"<p>El Grupo de Usuarios de Software Libre de la Universidad Nacional de Luj\u00e1n (UNLUX) invita a toda la comunidad educativa, profesionales e interesados en Tecnolog\u00edas de la Informaci\u00f3n al &#8220;Ciclo de charlas UNLUX 2008&#8221;. Esta segunda edici\u00f3n tiene por objetivo difundir el software libre integrando las diferentes \u00e1reas de la comunidad y de nuestra Universidad [&hellip;]<\/p>\n","protected":false},"author":1,"featured_media":0,"comment_status":"open","ping_status":"open","sticky":false,"template":"","format":"standard","meta":{"footnotes":""},"categories":[1],"tags":[7,3,6],"_links":{"self":[{"href":"https:\/\/maurom.com\/blog\/wp-json\/wp\/v2\/posts\/222"}],"collection":[{"href":"https:\/\/maurom.com\/blog\/wp-json\/wp\/v2\/posts"}],"about":[{"href":"https:\/\/maurom.com\/blog\/wp-json\/wp\/v2\/types\/post"}],"author":[{"embeddable":true,"href":"https:\/\/maurom.com\/blog\/wp-json\/wp\/v2\/users\/1"}],"replies":[{"embeddable":true,"href":"https:\/\/maurom.com\/blog\/wp-json\/wp\/v2\/comments?post=222"}],"version-history":[{"count":0,"href":"https:\/\/maurom.com\/blog\/wp-json\/wp\/v2\/posts\/222\/revisions"}],"wp:attachment":[{"href":"https:\/\/maurom.com\/blog\/wp-json\/wp\/v2\/media?parent=222"}],"wp:term":[{"taxonomy":"category","embeddable":true,"href":"https:\/\/maurom.com\/blog\/wp-json\/wp\/v2\/categories?post=222"},{"taxonomy":"post_tag","embeddable":true,"href":"https:\/\/maurom.com\/blog\/wp-json\/wp\/v2\/tags?post=222"}],"curies":[{"name":"wp","href":"https:\/\/api.w.org\/{rel}","templated":true}]}}